{"id":10426,"date":"2019-08-01T10:02:16","date_gmt":"2019-08-01T10:02:16","guid":{"rendered":"https:\/\/www.arbataxpark.com\/cala-cinema-2019\/"},"modified":"2019-08-01T10:02:16","modified_gmt":"2019-08-01T10:02:16","slug":"cala-cinema-2019","status":"publish","type":"post","link":"https:\/\/www.arbataxpark.com\/fr\/cala-cinema-2019\/","title":{"rendered":"Cal\u2019a Cinema 2019"},"content":{"rendered":"<p>After some years of stopping (the last edition dates back to 2014), one of the most popular film festivals returns to Arbatax: \u00ab\u00a0<strong>Cal&rsquo;a Cinema<\/strong>\u00ab\u00a0, organized by the association \u00ab\u00a0<strong>MusikaSurda<\/strong>\u00ab\u00a0, now in its seventh edition. Three public film screenings, from August 1st to 3rd 2019 in the beautiful location of <strong>Cala Genovesi in Arbatax<\/strong>.<\/p>\n<p>The name of the event leads back to the place where the cultural event has always been organized (Cala Genovesi) and plays on the Sardinian expression \u00ab\u00a0cala a cinema\u00a0\u00bb (go down to the cinema).<\/p>\n<p>The programme of the festival:<\/p>\n<p><strong>Thursday, August 1<\/strong>, 9pm: \u00ab\u00a0<em><strong>Travolti da un insolito destino nell\u2019azzurro mare d\u2019agosto<\/strong><\/em>\u00a0\u00bb by Lina Wertmuller<\/p>\n<p><strong>Friday, August 2<\/strong>, 9pm: \u00ab\u00a0<em><strong>Il flauto magico di Piazza Vittorio<\/strong><\/em>\u00a0\u00bb by Gianfranco Cabiddu<\/p>\n<p><strong>Saturday, August 3<\/strong>, 9pm: \u00ab\u00a0<em><strong>L\u2019uomo che compr\u00f2 la luna<\/strong><\/em>\u00a0\u00bb by Paolo Zucca<\/p>\n","protected":false},"excerpt":{"rendered":"<p>After some years of stopping (the last edition dates back to 2014), one of the most popular film festivals returns to Arbatax: \u00ab\u00a0Cal&rsquo;a Cinema\u00ab\u00a0, organized by the association \u00ab\u00a0MusikaSurda\u00ab\u00a0, now in its seventh edition. Three public film screenings, from August 1st to 3rd 2019 in the beautiful location of Cala Genovesi in Arbatax. The name [&hellip;]<\/p>\n","protected":false},"author":50,"featured_media":0,"comment_status":"open","ping_status":"open","sticky":false,"template":"","format":"standard","meta":{"footnotes":""},"categories":[3],"tags":[],"class_list":["post-10426","post","type-post","status-publish","format-standard","hentry","category-non-classifiee"],"yoast_head":"<!-- This site is optimized with the Yoast SEO plugin v26.9 - https:\/\/yoast.com\/product\/yoast-seo-wordpress\/ -->\n<title>Cal\u2019a Cinema 2019 - Arbatax Park<\/title>\n<meta name=\"robots\" content=\"index, follow, max-snippet:-1, max-image-preview:large, max-video-preview:-1\" \/>\n<link rel=\"canonical\" href=\"https:\/\/www.arbataxpark.com\/fr\/cala-cinema-2019\/\" \/>\n<meta property=\"og:locale\" content=\"fr_FR\" \/>\n<meta property=\"og:type\" content=\"article\" \/>\n<meta property=\"og:title\" content=\"Cal\u2019a Cinema 2019 - Arbatax Park\" \/>\n<meta property=\"og:description\" content=\"After some years of stopping (the last edition dates back to 2014), one of the most popular film festivals returns to Arbatax: \u00ab\u00a0Cal&rsquo;a Cinema\u00ab\u00a0, organized by the association \u00ab\u00a0MusikaSurda\u00ab\u00a0, now in its seventh edition. Three public film screenings, from August 1st to 3rd 2019 in the beautiful location of Cala Genovesi in Arbatax. The name [&hellip;]\" \/>\n<meta property=\"og:url\" content=\"https:\/\/www.arbataxpark.com\/fr\/cala-cinema-2019\/\" \/>\n<meta property=\"og:site_name\" content=\"Arbatax Park\" \/>\n<meta property=\"article:published_time\" content=\"2019-08-01T10:02:16+00:00\" \/>\n<meta name=\"author\" content=\"arbataxparkresort\" \/>\n<meta name=\"twitter:card\" content=\"summary_large_image\" \/>\n<meta name=\"twitter:label1\" content=\"\u00c9crit par\" \/>\n\t<meta name=\"twitter:data1\" content=\"arbataxparkresort\" \/>\n\t<meta name=\"twitter:label2\" content=\"Dur\u00e9e de lecture estim\u00e9e\" \/>\n\t<meta name=\"twitter:data2\" content=\"1 minute\" \/>\n<script type=\"application\/ld+json\" class=\"yoast-schema-graph\">{\"@context\":\"https:\/\/schema.org\",\"@graph\":[{\"@type\":\"Article\",\"@id\":\"https:\/\/www.arbataxpark.com\/fr\/cala-cinema-2019\/#article\",\"isPartOf\":{\"@id\":\"https:\/\/www.arbataxpark.com\/fr\/cala-cinema-2019\/\"},\"author\":{\"name\":\"arbataxparkresort\",\"@id\":\"https:\/\/www.arbataxpark.com\/fr\/#\/schema\/person\/f952273c79516f17449e5f43508cdd00\"},\"headline\":\"Cal\u2019a Cinema 2019\",\"datePublished\":\"2019-08-01T10:02:16+00:00\",\"mainEntityOfPage\":{\"@id\":\"https:\/\/www.arbataxpark.com\/fr\/cala-cinema-2019\/\"},\"wordCount\":133,\"commentCount\":0,\"articleSection\":[\"Non classifi\u00e9(e)\"],\"inLanguage\":\"fr-FR\",\"potentialAction\":[{\"@type\":\"CommentAction\",\"name\":\"Comment\",\"target\":[\"https:\/\/www.arbataxpark.com\/fr\/cala-cinema-2019\/#respond\"]}]},{\"@type\":\"WebPage\",\"@id\":\"https:\/\/www.arbataxpark.com\/fr\/cala-cinema-2019\/\",\"url\":\"https:\/\/www.arbataxpark.com\/fr\/cala-cinema-2019\/\",\"name\":\"Cal\u2019a Cinema 2019 - Arbatax Park\",\"isPartOf\":{\"@id\":\"https:\/\/www.arbataxpark.com\/fr\/#website\"},\"datePublished\":\"2019-08-01T10:02:16+00:00\",\"author\":{\"@id\":\"https:\/\/www.arbataxpark.com\/fr\/#\/schema\/person\/f952273c79516f17449e5f43508cdd00\"},\"breadcrumb\":{\"@id\":\"https:\/\/www.arbataxpark.com\/fr\/cala-cinema-2019\/#breadcrumb\"},\"inLanguage\":\"fr-FR\",\"potentialAction\":[{\"@type\":\"ReadAction\",\"target\":[\"https:\/\/www.arbataxpark.com\/fr\/cala-cinema-2019\/\"]}]},{\"@type\":\"BreadcrumbList\",\"@id\":\"https:\/\/www.arbataxpark.com\/fr\/cala-cinema-2019\/#breadcrumb\",\"itemListElement\":[{\"@type\":\"ListItem\",\"position\":1,\"name\":\"Home\",\"item\":\"https:\/\/www.arbataxpark.com\/fr\/\"},{\"@type\":\"ListItem\",\"position\":2,\"name\":\"Cal\u2019a Cinema 2019\"}]},{\"@type\":\"WebSite\",\"@id\":\"https:\/\/www.arbataxpark.com\/fr\/#website\",\"url\":\"https:\/\/www.arbataxpark.com\/fr\/\",\"name\":\"Arbatax Park\",\"description\":\"Just another ms.decms.eu site\",\"potentialAction\":[{\"@type\":\"SearchAction\",\"target\":{\"@type\":\"EntryPoint\",\"urlTemplate\":\"https:\/\/www.arbataxpark.com\/fr\/?s={search_term_string}\"},\"query-input\":{\"@type\":\"PropertyValueSpecification\",\"valueRequired\":true,\"valueName\":\"search_term_string\"}}],\"inLanguage\":\"fr-FR\"},{\"@type\":\"Person\",\"@id\":\"https:\/\/www.arbataxpark.com\/fr\/#\/schema\/person\/f952273c79516f17449e5f43508cdd00\",\"name\":\"arbataxparkresort\",\"image\":{\"@type\":\"ImageObject\",\"inLanguage\":\"fr-FR\",\"@id\":\"https:\/\/www.arbataxpark.com\/fr\/#\/schema\/person\/image\/\",\"url\":\"https:\/\/secure.gravatar.com\/avatar\/3870c74df2682d857a0a35ed3a83d7195009ac0d3f91b554f376f4a962b2273a?s=96&d=mm&r=g\",\"contentUrl\":\"https:\/\/secure.gravatar.com\/avatar\/3870c74df2682d857a0a35ed3a83d7195009ac0d3f91b554f376f4a962b2273a?s=96&d=mm&r=g\",\"caption\":\"arbataxparkresort\"}}]}<\/script>\n<!-- \/ Yoast SEO plugin. -->","yoast_head_json":{"title":"Cal\u2019a Cinema 2019 - Arbatax Park","robots":{"index":"index","follow":"follow","max-snippet":"max-snippet:-1","max-image-preview":"max-image-preview:large","max-video-preview":"max-video-preview:-1"},"canonical":"https:\/\/www.arbataxpark.com\/fr\/cala-cinema-2019\/","og_locale":"fr_FR","og_type":"article","og_title":"Cal\u2019a Cinema 2019 - Arbatax Park","og_description":"After some years of stopping (the last edition dates back to 2014), one of the most popular film festivals returns to Arbatax: \u00ab\u00a0Cal&rsquo;a Cinema\u00ab\u00a0, organized by the association \u00ab\u00a0MusikaSurda\u00ab\u00a0, now in its seventh edition. Three public film screenings, from August 1st to 3rd 2019 in the beautiful location of Cala Genovesi in Arbatax. The name [&hellip;]","og_url":"https:\/\/www.arbataxpark.com\/fr\/cala-cinema-2019\/","og_site_name":"Arbatax Park","article_published_time":"2019-08-01T10:02:16+00:00","author":"arbataxparkresort","twitter_card":"summary_large_image","twitter_misc":{"\u00c9crit par":"arbataxparkresort","Dur\u00e9e de lecture estim\u00e9e":"1 minute"},"schema":{"@context":"https:\/\/schema.org","@graph":[{"@type":"Article","@id":"https:\/\/www.arbataxpark.com\/fr\/cala-cinema-2019\/#article","isPartOf":{"@id":"https:\/\/www.arbataxpark.com\/fr\/cala-cinema-2019\/"},"author":{"name":"arbataxparkresort","@id":"https:\/\/www.arbataxpark.com\/fr\/#\/schema\/person\/f952273c79516f17449e5f43508cdd00"},"headline":"Cal\u2019a Cinema 2019","datePublished":"2019-08-01T10:02:16+00:00","mainEntityOfPage":{"@id":"https:\/\/www.arbataxpark.com\/fr\/cala-cinema-2019\/"},"wordCount":133,"commentCount":0,"articleSection":["Non classifi\u00e9(e)"],"inLanguage":"fr-FR","potentialAction":[{"@type":"CommentAction","name":"Comment","target":["https:\/\/www.arbataxpark.com\/fr\/cala-cinema-2019\/#respond"]}]},{"@type":"WebPage","@id":"https:\/\/www.arbataxpark.com\/fr\/cala-cinema-2019\/","url":"https:\/\/www.arbataxpark.com\/fr\/cala-cinema-2019\/","name":"Cal\u2019a Cinema 2019 - Arbatax Park","isPartOf":{"@id":"https:\/\/www.arbataxpark.com\/fr\/#website"},"datePublished":"2019-08-01T10:02:16+00:00","author":{"@id":"https:\/\/www.arbataxpark.com\/fr\/#\/schema\/person\/f952273c79516f17449e5f43508cdd00"},"breadcrumb":{"@id":"https:\/\/www.arbataxpark.com\/fr\/cala-cinema-2019\/#breadcrumb"},"inLanguage":"fr-FR","potentialAction":[{"@type":"ReadAction","target":["https:\/\/www.arbataxpark.com\/fr\/cala-cinema-2019\/"]}]},{"@type":"BreadcrumbList","@id":"https:\/\/www.arbataxpark.com\/fr\/cala-cinema-2019\/#breadcrumb","itemListElement":[{"@type":"ListItem","position":1,"name":"Home","item":"https:\/\/www.arbataxpark.com\/fr\/"},{"@type":"ListItem","position":2,"name":"Cal\u2019a Cinema 2019"}]},{"@type":"WebSite","@id":"https:\/\/www.arbataxpark.com\/fr\/#website","url":"https:\/\/www.arbataxpark.com\/fr\/","name":"Arbatax Park","description":"Just another ms.decms.eu site","potentialAction":[{"@type":"SearchAction","target":{"@type":"EntryPoint","urlTemplate":"https:\/\/www.arbataxpark.com\/fr\/?s={search_term_string}"},"query-input":{"@type":"PropertyValueSpecification","valueRequired":true,"valueName":"search_term_string"}}],"inLanguage":"fr-FR"},{"@type":"Person","@id":"https:\/\/www.arbataxpark.com\/fr\/#\/schema\/person\/f952273c79516f17449e5f43508cdd00","name":"arbataxparkresort","image":{"@type":"ImageObject","inLanguage":"fr-FR","@id":"https:\/\/www.arbataxpark.com\/fr\/#\/schema\/person\/image\/","url":"https:\/\/secure.gravatar.com\/avatar\/3870c74df2682d857a0a35ed3a83d7195009ac0d3f91b554f376f4a962b2273a?s=96&d=mm&r=g","contentUrl":"https:\/\/secure.gravatar.com\/avatar\/3870c74df2682d857a0a35ed3a83d7195009ac0d3f91b554f376f4a962b2273a?s=96&d=mm&r=g","caption":"arbataxparkresort"}}]}},"acf":[],"_links":{"self":[{"href":"https:\/\/www.arbataxpark.com\/fr\/wp-json\/wp\/v2\/posts\/10426","targetHints":{"allow":["GET"]}}],"collection":[{"href":"https:\/\/www.arbataxpark.com\/fr\/wp-json\/wp\/v2\/posts"}],"about":[{"href":"https:\/\/www.arbataxpark.com\/fr\/wp-json\/wp\/v2\/types\/post"}],"author":[{"embeddable":true,"href":"https:\/\/www.arbataxpark.com\/fr\/wp-json\/wp\/v2\/users\/50"}],"replies":[{"embeddable":true,"href":"https:\/\/www.arbataxpark.com\/fr\/wp-json\/wp\/v2\/comments?post=10426"}],"version-history":[{"count":0,"href":"https:\/\/www.arbataxpark.com\/fr\/wp-json\/wp\/v2\/posts\/10426\/revisions"}],"wp:attachment":[{"href":"https:\/\/www.arbataxpark.com\/fr\/wp-json\/wp\/v2\/media?parent=10426"}],"wp:term":[{"taxonomy":"category","embeddable":true,"href":"https:\/\/www.arbataxpark.com\/fr\/wp-json\/wp\/v2\/categories?post=10426"},{"taxonomy":"post_tag","embeddable":true,"href":"https:\/\/www.arbataxpark.com\/fr\/wp-json\/wp\/v2\/tags?post=10426"}],"curies":[{"name":"wp","href":"https:\/\/api.w.org\/{rel}","templated":true}]}}