{"id":4727,"date":"2019-04-04T08:25:09","date_gmt":"2019-04-04T08:25:09","guid":{"rendered":"http:\/\/arbatax-park-group.ms.decms.eu\/?p=4727"},"modified":"2019-04-04T08:27:08","modified_gmt":"2019-04-04T08:27:08","slug":"culurgionis-dogliastra-igp-in-festival","status":"publish","type":"post","link":"https:\/\/www.arbataxpark.com\/fr\/culurgionis-dogliastra-igp-in-festival\/","title":{"rendered":"Culurgionis d\u2019Ogliastra IGP in Festival"},"content":{"rendered":"<p style=\"text-align: justify\">The village of\u00a0<strong>Lanusei<\/strong>\u00a0will organize a<strong>\u00a0festival in honor<\/strong>\u00a0of the\u00a0<strong>Culurgionis<\/strong>, one year after\u00a0<strong>the obtaining of the IGP<\/strong>\u00a0(Protected Geographical Indication). On Saturday\u00a0<strong>30th September<\/strong>\u00a0and Sunday\u00a0<strong>1st October<\/strong>\u00a0will be held the\u00a0<strong>first edition of \u00ab\u00a0Culurgionis d&rsquo;Ogliastra IGP in Festival\u00a0\u00bb<\/strong>. The event will be attended by 12 villages including: Arzana, Ilbono, Villagrande Strisaili, Tortol\u00ec, Urzulei, Elini, Loceri, Barisardo, Baunei, Girasole, Talana and Jerzu. During the Festival you can take part in\u00a0<strong>many events<\/strong>\u00a0<strong>to discover\u00a0different recipe variants<\/strong>\u00a0and\u00a0<strong>to<\/strong>\u00a0<strong>better know<\/strong>\u00a0<strong>the secrets<\/strong>\u00a0that there are behind the inimitable filled pasta of intense flavors and with the unmistakable closure at shape of spike.<\/p>\n<p style=\"text-align: justify\"><a href=\"https:\/\/www.facebook.com\/767303993439483\/photos\/a.840066522829896.1073741828.767303993439483\/840072322829316\/?type=3&amp;theater\" target=\"_blank\" rel=\"noopener noreferrer\"><strong>Discover the Program!<\/strong><\/a><\/p>\n","protected":false},"excerpt":{"rendered":"<p>The village of\u00a0Lanusei\u00a0will organize a\u00a0festival in honor\u00a0of the\u00a0Culurgionis, one year after\u00a0the obtaining of the IGP\u00a0(Protected Geographical Indication). On Saturday\u00a030th September\u00a0and Sunday\u00a01st October\u00a0will be held the\u00a0first edition of \u00ab\u00a0Culurgionis d&rsquo;Ogliastra IGP in Festival\u00a0\u00bb. The event will be attended by 12 villages including: Arzana, Ilbono, Villagrande Strisaili, Tortol\u00ec, Urzulei, Elini, Loceri, Barisardo, Baunei, Girasole, Talana and Jerzu. [&hellip;]<\/p>\n","protected":false},"author":21,"featured_media":0,"comment_status":"open","ping_status":"open","sticky":false,"template":"","format":"standard","meta":{"footnotes":""},"categories":[3],"tags":[],"class_list":["post-4727","post","type-post","status-publish","format-standard","hentry","category-non-classifiee"],"yoast_head":"<!-- This site is optimized with the Yoast SEO plugin v26.9 - https:\/\/yoast.com\/product\/yoast-seo-wordpress\/ -->\n<title>Culurgionis d\u2019Ogliastra IGP in Festival - Arbatax Park<\/title>\n<meta name=\"robots\" content=\"index, follow, max-snippet:-1, max-image-preview:large, max-video-preview:-1\" \/>\n<link rel=\"canonical\" href=\"https:\/\/www.arbataxpark.com\/fr\/culurgionis-dogliastra-igp-in-festival\/\" \/>\n<meta property=\"og:locale\" content=\"fr_FR\" \/>\n<meta property=\"og:type\" content=\"article\" \/>\n<meta property=\"og:title\" content=\"Culurgionis d\u2019Ogliastra IGP in Festival - Arbatax Park\" \/>\n<meta property=\"og:description\" content=\"The village of\u00a0Lanusei\u00a0will organize a\u00a0festival in honor\u00a0of the\u00a0Culurgionis, one year after\u00a0the obtaining of the IGP\u00a0(Protected Geographical Indication). On Saturday\u00a030th September\u00a0and Sunday\u00a01st October\u00a0will be held the\u00a0first edition of \u00ab\u00a0Culurgionis d&rsquo;Ogliastra IGP in Festival\u00a0\u00bb. The event will be attended by 12 villages including: Arzana, Ilbono, Villagrande Strisaili, Tortol\u00ec, Urzulei, Elini, Loceri, Barisardo, Baunei, Girasole, Talana and Jerzu. [&hellip;]\" \/>\n<meta property=\"og:url\" content=\"https:\/\/www.arbataxpark.com\/fr\/culurgionis-dogliastra-igp-in-festival\/\" \/>\n<meta property=\"og:site_name\" content=\"Arbatax Park\" \/>\n<meta property=\"article:published_time\" content=\"2019-04-04T08:25:09+00:00\" \/>\n<meta property=\"article:modified_time\" content=\"2019-04-04T08:27:08+00:00\" \/>\n<meta name=\"author\" content=\"studiowebintern\" \/>\n<meta name=\"twitter:card\" content=\"summary_large_image\" \/>\n<meta name=\"twitter:label1\" content=\"\u00c9crit par\" \/>\n\t<meta name=\"twitter:data1\" content=\"studiowebintern\" \/>\n\t<meta name=\"twitter:label2\" content=\"Dur\u00e9e de lecture estim\u00e9e\" \/>\n\t<meta name=\"twitter:data2\" content=\"1 minute\" \/>\n<script type=\"application\/ld+json\" class=\"yoast-schema-graph\">{\"@context\":\"https:\/\/schema.org\",\"@graph\":[{\"@type\":\"Article\",\"@id\":\"https:\/\/www.arbataxpark.com\/fr\/culurgionis-dogliastra-igp-in-festival\/#article\",\"isPartOf\":{\"@id\":\"https:\/\/www.arbataxpark.com\/fr\/culurgionis-dogliastra-igp-in-festival\/\"},\"author\":{\"name\":\"studiowebintern\",\"@id\":\"https:\/\/www.arbataxpark.com\/fr\/#\/schema\/person\/8d67ca1c55c69fe7021a811c9c51448a\"},\"headline\":\"Culurgionis d\u2019Ogliastra IGP in Festival\",\"datePublished\":\"2019-04-04T08:25:09+00:00\",\"dateModified\":\"2019-04-04T08:27:08+00:00\",\"mainEntityOfPage\":{\"@id\":\"https:\/\/www.arbataxpark.com\/fr\/culurgionis-dogliastra-igp-in-festival\/\"},\"wordCount\":116,\"commentCount\":0,\"articleSection\":[\"Non classifi\u00e9(e)\"],\"inLanguage\":\"fr-FR\",\"potentialAction\":[{\"@type\":\"CommentAction\",\"name\":\"Comment\",\"target\":[\"https:\/\/www.arbataxpark.com\/fr\/culurgionis-dogliastra-igp-in-festival\/#respond\"]}]},{\"@type\":\"WebPage\",\"@id\":\"https:\/\/www.arbataxpark.com\/fr\/culurgionis-dogliastra-igp-in-festival\/\",\"url\":\"https:\/\/www.arbataxpark.com\/fr\/culurgionis-dogliastra-igp-in-festival\/\",\"name\":\"Culurgionis d\u2019Ogliastra IGP in Festival - Arbatax Park\",\"isPartOf\":{\"@id\":\"https:\/\/www.arbataxpark.com\/fr\/#website\"},\"datePublished\":\"2019-04-04T08:25:09+00:00\",\"dateModified\":\"2019-04-04T08:27:08+00:00\",\"author\":{\"@id\":\"https:\/\/www.arbataxpark.com\/fr\/#\/schema\/person\/8d67ca1c55c69fe7021a811c9c51448a\"},\"breadcrumb\":{\"@id\":\"https:\/\/www.arbataxpark.com\/fr\/culurgionis-dogliastra-igp-in-festival\/#breadcrumb\"},\"inLanguage\":\"fr-FR\",\"potentialAction\":[{\"@type\":\"ReadAction\",\"target\":[\"https:\/\/www.arbataxpark.com\/fr\/culurgionis-dogliastra-igp-in-festival\/\"]}]},{\"@type\":\"BreadcrumbList\",\"@id\":\"https:\/\/www.arbataxpark.com\/fr\/culurgionis-dogliastra-igp-in-festival\/#breadcrumb\",\"itemListElement\":[{\"@type\":\"ListItem\",\"position\":1,\"name\":\"Home\",\"item\":\"https:\/\/www.arbataxpark.com\/fr\/\"},{\"@type\":\"ListItem\",\"position\":2,\"name\":\"Culurgionis d\u2019Ogliastra IGP in Festival\"}]},{\"@type\":\"WebSite\",\"@id\":\"https:\/\/www.arbataxpark.com\/fr\/#website\",\"url\":\"https:\/\/www.arbataxpark.com\/fr\/\",\"name\":\"Arbatax Park\",\"description\":\"Just another ms.decms.eu site\",\"potentialAction\":[{\"@type\":\"SearchAction\",\"target\":{\"@type\":\"EntryPoint\",\"urlTemplate\":\"https:\/\/www.arbataxpark.com\/fr\/?s={search_term_string}\"},\"query-input\":{\"@type\":\"PropertyValueSpecification\",\"valueRequired\":true,\"valueName\":\"search_term_string\"}}],\"inLanguage\":\"fr-FR\"},{\"@type\":\"Person\",\"@id\":\"https:\/\/www.arbataxpark.com\/fr\/#\/schema\/person\/8d67ca1c55c69fe7021a811c9c51448a\",\"name\":\"studiowebintern\",\"image\":{\"@type\":\"ImageObject\",\"inLanguage\":\"fr-FR\",\"@id\":\"https:\/\/www.arbataxpark.com\/fr\/#\/schema\/person\/image\/\",\"url\":\"https:\/\/secure.gravatar.com\/avatar\/43ec99380d4efb397382f3761409a95657c08fd44a77d102395fcbd1197ed516?s=96&d=mm&r=g\",\"contentUrl\":\"https:\/\/secure.gravatar.com\/avatar\/43ec99380d4efb397382f3761409a95657c08fd44a77d102395fcbd1197ed516?s=96&d=mm&r=g\",\"caption\":\"studiowebintern\"}}]}<\/script>\n<!-- \/ Yoast SEO plugin. -->","yoast_head_json":{"title":"Culurgionis d\u2019Ogliastra IGP in Festival - Arbatax Park","robots":{"index":"index","follow":"follow","max-snippet":"max-snippet:-1","max-image-preview":"max-image-preview:large","max-video-preview":"max-video-preview:-1"},"canonical":"https:\/\/www.arbataxpark.com\/fr\/culurgionis-dogliastra-igp-in-festival\/","og_locale":"fr_FR","og_type":"article","og_title":"Culurgionis d\u2019Ogliastra IGP in Festival - Arbatax Park","og_description":"The village of\u00a0Lanusei\u00a0will organize a\u00a0festival in honor\u00a0of the\u00a0Culurgionis, one year after\u00a0the obtaining of the IGP\u00a0(Protected Geographical Indication). On Saturday\u00a030th September\u00a0and Sunday\u00a01st October\u00a0will be held the\u00a0first edition of \u00ab\u00a0Culurgionis d&rsquo;Ogliastra IGP in Festival\u00a0\u00bb. The event will be attended by 12 villages including: Arzana, Ilbono, Villagrande Strisaili, Tortol\u00ec, Urzulei, Elini, Loceri, Barisardo, Baunei, Girasole, Talana and Jerzu. [&hellip;]","og_url":"https:\/\/www.arbataxpark.com\/fr\/culurgionis-dogliastra-igp-in-festival\/","og_site_name":"Arbatax Park","article_published_time":"2019-04-04T08:25:09+00:00","article_modified_time":"2019-04-04T08:27:08+00:00","author":"studiowebintern","twitter_card":"summary_large_image","twitter_misc":{"\u00c9crit par":"studiowebintern","Dur\u00e9e de lecture estim\u00e9e":"1 minute"},"schema":{"@context":"https:\/\/schema.org","@graph":[{"@type":"Article","@id":"https:\/\/www.arbataxpark.com\/fr\/culurgionis-dogliastra-igp-in-festival\/#article","isPartOf":{"@id":"https:\/\/www.arbataxpark.com\/fr\/culurgionis-dogliastra-igp-in-festival\/"},"author":{"name":"studiowebintern","@id":"https:\/\/www.arbataxpark.com\/fr\/#\/schema\/person\/8d67ca1c55c69fe7021a811c9c51448a"},"headline":"Culurgionis d\u2019Ogliastra IGP in Festival","datePublished":"2019-04-04T08:25:09+00:00","dateModified":"2019-04-04T08:27:08+00:00","mainEntityOfPage":{"@id":"https:\/\/www.arbataxpark.com\/fr\/culurgionis-dogliastra-igp-in-festival\/"},"wordCount":116,"commentCount":0,"articleSection":["Non classifi\u00e9(e)"],"inLanguage":"fr-FR","potentialAction":[{"@type":"CommentAction","name":"Comment","target":["https:\/\/www.arbataxpark.com\/fr\/culurgionis-dogliastra-igp-in-festival\/#respond"]}]},{"@type":"WebPage","@id":"https:\/\/www.arbataxpark.com\/fr\/culurgionis-dogliastra-igp-in-festival\/","url":"https:\/\/www.arbataxpark.com\/fr\/culurgionis-dogliastra-igp-in-festival\/","name":"Culurgionis d\u2019Ogliastra IGP in Festival - Arbatax Park","isPartOf":{"@id":"https:\/\/www.arbataxpark.com\/fr\/#website"},"datePublished":"2019-04-04T08:25:09+00:00","dateModified":"2019-04-04T08:27:08+00:00","author":{"@id":"https:\/\/www.arbataxpark.com\/fr\/#\/schema\/person\/8d67ca1c55c69fe7021a811c9c51448a"},"breadcrumb":{"@id":"https:\/\/www.arbataxpark.com\/fr\/culurgionis-dogliastra-igp-in-festival\/#breadcrumb"},"inLanguage":"fr-FR","potentialAction":[{"@type":"ReadAction","target":["https:\/\/www.arbataxpark.com\/fr\/culurgionis-dogliastra-igp-in-festival\/"]}]},{"@type":"BreadcrumbList","@id":"https:\/\/www.arbataxpark.com\/fr\/culurgionis-dogliastra-igp-in-festival\/#breadcrumb","itemListElement":[{"@type":"ListItem","position":1,"name":"Home","item":"https:\/\/www.arbataxpark.com\/fr\/"},{"@type":"ListItem","position":2,"name":"Culurgionis d\u2019Ogliastra IGP in Festival"}]},{"@type":"WebSite","@id":"https:\/\/www.arbataxpark.com\/fr\/#website","url":"https:\/\/www.arbataxpark.com\/fr\/","name":"Arbatax Park","description":"Just another ms.decms.eu site","potentialAction":[{"@type":"SearchAction","target":{"@type":"EntryPoint","urlTemplate":"https:\/\/www.arbataxpark.com\/fr\/?s={search_term_string}"},"query-input":{"@type":"PropertyValueSpecification","valueRequired":true,"valueName":"search_term_string"}}],"inLanguage":"fr-FR"},{"@type":"Person","@id":"https:\/\/www.arbataxpark.com\/fr\/#\/schema\/person\/8d67ca1c55c69fe7021a811c9c51448a","name":"studiowebintern","image":{"@type":"ImageObject","inLanguage":"fr-FR","@id":"https:\/\/www.arbataxpark.com\/fr\/#\/schema\/person\/image\/","url":"https:\/\/secure.gravatar.com\/avatar\/43ec99380d4efb397382f3761409a95657c08fd44a77d102395fcbd1197ed516?s=96&d=mm&r=g","contentUrl":"https:\/\/secure.gravatar.com\/avatar\/43ec99380d4efb397382f3761409a95657c08fd44a77d102395fcbd1197ed516?s=96&d=mm&r=g","caption":"studiowebintern"}}]}},"acf":[],"_links":{"self":[{"href":"https:\/\/www.arbataxpark.com\/fr\/wp-json\/wp\/v2\/posts\/4727","targetHints":{"allow":["GET"]}}],"collection":[{"href":"https:\/\/www.arbataxpark.com\/fr\/wp-json\/wp\/v2\/posts"}],"about":[{"href":"https:\/\/www.arbataxpark.com\/fr\/wp-json\/wp\/v2\/types\/post"}],"author":[{"embeddable":true,"href":"https:\/\/www.arbataxpark.com\/fr\/wp-json\/wp\/v2\/users\/21"}],"replies":[{"embeddable":true,"href":"https:\/\/www.arbataxpark.com\/fr\/wp-json\/wp\/v2\/comments?post=4727"}],"version-history":[{"count":0,"href":"https:\/\/www.arbataxpark.com\/fr\/wp-json\/wp\/v2\/posts\/4727\/revisions"}],"wp:attachment":[{"href":"https:\/\/www.arbataxpark.com\/fr\/wp-json\/wp\/v2\/media?parent=4727"}],"wp:term":[{"taxonomy":"category","embeddable":true,"href":"https:\/\/www.arbataxpark.com\/fr\/wp-json\/wp\/v2\/categories?post=4727"},{"taxonomy":"post_tag","embeddable":true,"href":"https:\/\/www.arbataxpark.com\/fr\/wp-json\/wp\/v2\/tags?post=4727"}],"curies":[{"name":"wp","href":"https:\/\/api.w.org\/{rel}","templated":true}]}}