{"id":4893,"date":"2019-04-04T10:19:25","date_gmt":"2019-04-04T10:19:25","guid":{"rendered":"http:\/\/arbatax-park-group.ms.decms.eu\/?p=4893"},"modified":"2019-04-04T10:19:25","modified_gmt":"2019-04-04T10:19:25","slug":"19-20-may-monumenti-aperti","status":"publish","type":"post","link":"https:\/\/www.arbataxpark.com\/fr\/19-20-may-monumenti-aperti\/","title":{"rendered":"19 &#8211; 20 May \u201cMonumenti Aperti\u201d"},"content":{"rendered":"<p style=\"text-align: justify\">On\u00a0Saturday\u00a0<strong>19th<\/strong>\u00a0and\u00a0<strong>Sunday 20th<\/strong>\u00a0of\u00a0<strong>May<\/strong>\u00a0at\u00a0<strong>Arbatax<\/strong>\u00a0and\u00a0<strong>Tortol\u00ec<\/strong>\u00a0will take place the 22nd edition of \u201c<strong>Monumenti Aperti<\/strong>\u201d (Open Monuments). This special event was born 20 years ago thanks to the\u00a0<strong>passion for the culture<\/strong>\u00a0of a group of university students and it is organized by the association ONLUS Imago Mundi.<\/p>\n<p style=\"text-align: justify\">Monumenti Aperti\u2019s goal is to increase the knowledge of the\u00a0<strong>territory<\/strong>, the\u00a0<strong>history<\/strong>\u00a0and the\u00a0<strong>tradition<\/strong>, through\u00a0<strong>guided and free visits<\/strong>.<\/p>\n<p style=\"text-align: justify\">For\u00a0<strong>programme<\/strong>\u00a0of event click below:<\/p>\n<p style=\"text-align: justify\"><span style=\"color: #0000ff\"><strong><a href=\"https:\/\/www.arbataxpark.com\/wp-content\/uploads\/sites\/308\/2018\/05\/Monumenti-Aperti-2018.pdf\" target=\"_blank\" rel=\"noopener noreferrer\">Monumenti Aperti 2018<\/a><br \/>\n<\/strong><\/span><\/p>\n<p style=\"text-align: justify\">Moreover on\u00a0<strong>May\u00a0<\/strong><strong>19th<\/strong>\u00a0and\u00a0<strong>20th\u00a0<\/strong>during the event \u00ab\u00a0<strong>Primavera nel cuore della Sardegna<\/strong>\u00a0\u00bb you can discover the beauties and traditions of Triei that is a little village 20 minutes away from Arbatax Park Resort.<\/p>\n<p style=\"text-align: justify\">For the\u00a0<strong>programme of \u00ab\u00a0Primavera\u00a0nel cuore della Sardegna\u00a0\u00bb\u00a0<\/strong>click below:<\/p>\n<p style=\"text-align: justify\"><span style=\"color: #0000ff\"><strong><a href=\"https:\/\/www.arbataxpark.com\/wp-content\/uploads\/sites\/308\/2018\/05\/Primavera-in-Ogliastra-Triei.pdf\" target=\"_blank\" rel=\"noopener noreferrer\">Primavera nel cuore della Sardegna &#8211; Triei<\/a><\/strong><\/span><\/p>\n<p style=\"text-align: justify\"><strong>Sardinia culture and tradition are waiting for you!<\/strong><\/p>\n<p>&nbsp;<\/p>\n<p>&nbsp;<\/p>\n<p>&nbsp;<\/p>\n","protected":false},"excerpt":{"rendered":"<p>On\u00a0Saturday\u00a019th\u00a0and\u00a0Sunday 20th\u00a0of\u00a0May\u00a0at\u00a0Arbatax\u00a0and\u00a0Tortol\u00ec\u00a0will take place the 22nd edition of \u201cMonumenti Aperti\u201d (Open Monuments). This special event was born 20 years ago thanks to the\u00a0passion for the culture\u00a0of a group of university students and it is organized by the association ONLUS Imago Mundi. Monumenti Aperti\u2019s goal is to increase the knowledge of the\u00a0territory, the\u00a0history\u00a0and the\u00a0tradition, through\u00a0guided and [&hellip;]<\/p>\n","protected":false},"author":21,"featured_media":0,"comment_status":"open","ping_status":"open","sticky":false,"template":"","format":"standard","meta":{"footnotes":""},"categories":[3],"tags":[],"class_list":["post-4893","post","type-post","status-publish","format-standard","hentry","category-non-classifiee"],"yoast_head":"<!-- This site is optimized with the Yoast SEO plugin v26.9 - https:\/\/yoast.com\/product\/yoast-seo-wordpress\/ -->\n<title>19 - 20 May \u201cMonumenti Aperti\u201d - Arbatax Park<\/title>\n<meta name=\"robots\" content=\"index, follow, max-snippet:-1, max-image-preview:large, max-video-preview:-1\" \/>\n<link rel=\"canonical\" href=\"https:\/\/www.arbataxpark.com\/fr\/19-20-may-monumenti-aperti\/\" \/>\n<meta property=\"og:locale\" content=\"fr_FR\" \/>\n<meta property=\"og:type\" content=\"article\" \/>\n<meta property=\"og:title\" content=\"19 - 20 May \u201cMonumenti Aperti\u201d - Arbatax Park\" \/>\n<meta property=\"og:description\" content=\"On\u00a0Saturday\u00a019th\u00a0and\u00a0Sunday 20th\u00a0of\u00a0May\u00a0at\u00a0Arbatax\u00a0and\u00a0Tortol\u00ec\u00a0will take place the 22nd edition of \u201cMonumenti Aperti\u201d (Open Monuments). This special event was born 20 years ago thanks to the\u00a0passion for the culture\u00a0of a group of university students and it is organized by the association ONLUS Imago Mundi. Monumenti Aperti\u2019s goal is to increase the knowledge of the\u00a0territory, the\u00a0history\u00a0and the\u00a0tradition, through\u00a0guided and [&hellip;]\" \/>\n<meta property=\"og:url\" content=\"https:\/\/www.arbataxpark.com\/fr\/19-20-may-monumenti-aperti\/\" \/>\n<meta property=\"og:site_name\" content=\"Arbatax Park\" \/>\n<meta property=\"article:published_time\" content=\"2019-04-04T10:19:25+00:00\" \/>\n<meta name=\"author\" content=\"studiowebintern\" \/>\n<meta name=\"twitter:card\" content=\"summary_large_image\" \/>\n<meta name=\"twitter:label1\" content=\"\u00c9crit par\" \/>\n\t<meta name=\"twitter:data1\" content=\"studiowebintern\" \/>\n\t<meta name=\"twitter:label2\" content=\"Dur\u00e9e de lecture estim\u00e9e\" \/>\n\t<meta name=\"twitter:data2\" content=\"1 minute\" \/>\n<script type=\"application\/ld+json\" class=\"yoast-schema-graph\">{\"@context\":\"https:\/\/schema.org\",\"@graph\":[{\"@type\":\"Article\",\"@id\":\"https:\/\/www.arbataxpark.com\/fr\/19-20-may-monumenti-aperti\/#article\",\"isPartOf\":{\"@id\":\"https:\/\/www.arbataxpark.com\/fr\/19-20-may-monumenti-aperti\/\"},\"author\":{\"name\":\"studiowebintern\",\"@id\":\"https:\/\/www.arbataxpark.com\/fr\/#\/schema\/person\/8d67ca1c55c69fe7021a811c9c51448a\"},\"headline\":\"19 &#8211; 20 May \u201cMonumenti Aperti\u201d\",\"datePublished\":\"2019-04-04T10:19:25+00:00\",\"mainEntityOfPage\":{\"@id\":\"https:\/\/www.arbataxpark.com\/fr\/19-20-may-monumenti-aperti\/\"},\"wordCount\":150,\"commentCount\":0,\"articleSection\":[\"Non classifi\u00e9(e)\"],\"inLanguage\":\"fr-FR\",\"potentialAction\":[{\"@type\":\"CommentAction\",\"name\":\"Comment\",\"target\":[\"https:\/\/www.arbataxpark.com\/fr\/19-20-may-monumenti-aperti\/#respond\"]}]},{\"@type\":\"WebPage\",\"@id\":\"https:\/\/www.arbataxpark.com\/fr\/19-20-may-monumenti-aperti\/\",\"url\":\"https:\/\/www.arbataxpark.com\/fr\/19-20-may-monumenti-aperti\/\",\"name\":\"19 - 20 May \u201cMonumenti Aperti\u201d - Arbatax Park\",\"isPartOf\":{\"@id\":\"https:\/\/www.arbataxpark.com\/fr\/#website\"},\"datePublished\":\"2019-04-04T10:19:25+00:00\",\"author\":{\"@id\":\"https:\/\/www.arbataxpark.com\/fr\/#\/schema\/person\/8d67ca1c55c69fe7021a811c9c51448a\"},\"breadcrumb\":{\"@id\":\"https:\/\/www.arbataxpark.com\/fr\/19-20-may-monumenti-aperti\/#breadcrumb\"},\"inLanguage\":\"fr-FR\",\"potentialAction\":[{\"@type\":\"ReadAction\",\"target\":[\"https:\/\/www.arbataxpark.com\/fr\/19-20-may-monumenti-aperti\/\"]}]},{\"@type\":\"BreadcrumbList\",\"@id\":\"https:\/\/www.arbataxpark.com\/fr\/19-20-may-monumenti-aperti\/#breadcrumb\",\"itemListElement\":[{\"@type\":\"ListItem\",\"position\":1,\"name\":\"Home\",\"item\":\"https:\/\/www.arbataxpark.com\/fr\/\"},{\"@type\":\"ListItem\",\"position\":2,\"name\":\"19 &#8211; 20 May \u201cMonumenti Aperti\u201d\"}]},{\"@type\":\"WebSite\",\"@id\":\"https:\/\/www.arbataxpark.com\/fr\/#website\",\"url\":\"https:\/\/www.arbataxpark.com\/fr\/\",\"name\":\"Arbatax Park\",\"description\":\"Just another ms.decms.eu site\",\"potentialAction\":[{\"@type\":\"SearchAction\",\"target\":{\"@type\":\"EntryPoint\",\"urlTemplate\":\"https:\/\/www.arbataxpark.com\/fr\/?s={search_term_string}\"},\"query-input\":{\"@type\":\"PropertyValueSpecification\",\"valueRequired\":true,\"valueName\":\"search_term_string\"}}],\"inLanguage\":\"fr-FR\"},{\"@type\":\"Person\",\"@id\":\"https:\/\/www.arbataxpark.com\/fr\/#\/schema\/person\/8d67ca1c55c69fe7021a811c9c51448a\",\"name\":\"studiowebintern\",\"image\":{\"@type\":\"ImageObject\",\"inLanguage\":\"fr-FR\",\"@id\":\"https:\/\/www.arbataxpark.com\/fr\/#\/schema\/person\/image\/\",\"url\":\"https:\/\/secure.gravatar.com\/avatar\/43ec99380d4efb397382f3761409a95657c08fd44a77d102395fcbd1197ed516?s=96&d=mm&r=g\",\"contentUrl\":\"https:\/\/secure.gravatar.com\/avatar\/43ec99380d4efb397382f3761409a95657c08fd44a77d102395fcbd1197ed516?s=96&d=mm&r=g\",\"caption\":\"studiowebintern\"}}]}<\/script>\n<!-- \/ Yoast SEO plugin. -->","yoast_head_json":{"title":"19 - 20 May \u201cMonumenti Aperti\u201d - Arbatax Park","robots":{"index":"index","follow":"follow","max-snippet":"max-snippet:-1","max-image-preview":"max-image-preview:large","max-video-preview":"max-video-preview:-1"},"canonical":"https:\/\/www.arbataxpark.com\/fr\/19-20-may-monumenti-aperti\/","og_locale":"fr_FR","og_type":"article","og_title":"19 - 20 May \u201cMonumenti Aperti\u201d - Arbatax Park","og_description":"On\u00a0Saturday\u00a019th\u00a0and\u00a0Sunday 20th\u00a0of\u00a0May\u00a0at\u00a0Arbatax\u00a0and\u00a0Tortol\u00ec\u00a0will take place the 22nd edition of \u201cMonumenti Aperti\u201d (Open Monuments). This special event was born 20 years ago thanks to the\u00a0passion for the culture\u00a0of a group of university students and it is organized by the association ONLUS Imago Mundi. Monumenti Aperti\u2019s goal is to increase the knowledge of the\u00a0territory, the\u00a0history\u00a0and the\u00a0tradition, through\u00a0guided and [&hellip;]","og_url":"https:\/\/www.arbataxpark.com\/fr\/19-20-may-monumenti-aperti\/","og_site_name":"Arbatax Park","article_published_time":"2019-04-04T10:19:25+00:00","author":"studiowebintern","twitter_card":"summary_large_image","twitter_misc":{"\u00c9crit par":"studiowebintern","Dur\u00e9e de lecture estim\u00e9e":"1 minute"},"schema":{"@context":"https:\/\/schema.org","@graph":[{"@type":"Article","@id":"https:\/\/www.arbataxpark.com\/fr\/19-20-may-monumenti-aperti\/#article","isPartOf":{"@id":"https:\/\/www.arbataxpark.com\/fr\/19-20-may-monumenti-aperti\/"},"author":{"name":"studiowebintern","@id":"https:\/\/www.arbataxpark.com\/fr\/#\/schema\/person\/8d67ca1c55c69fe7021a811c9c51448a"},"headline":"19 &#8211; 20 May \u201cMonumenti Aperti\u201d","datePublished":"2019-04-04T10:19:25+00:00","mainEntityOfPage":{"@id":"https:\/\/www.arbataxpark.com\/fr\/19-20-may-monumenti-aperti\/"},"wordCount":150,"commentCount":0,"articleSection":["Non classifi\u00e9(e)"],"inLanguage":"fr-FR","potentialAction":[{"@type":"CommentAction","name":"Comment","target":["https:\/\/www.arbataxpark.com\/fr\/19-20-may-monumenti-aperti\/#respond"]}]},{"@type":"WebPage","@id":"https:\/\/www.arbataxpark.com\/fr\/19-20-may-monumenti-aperti\/","url":"https:\/\/www.arbataxpark.com\/fr\/19-20-may-monumenti-aperti\/","name":"19 - 20 May \u201cMonumenti Aperti\u201d - Arbatax Park","isPartOf":{"@id":"https:\/\/www.arbataxpark.com\/fr\/#website"},"datePublished":"2019-04-04T10:19:25+00:00","author":{"@id":"https:\/\/www.arbataxpark.com\/fr\/#\/schema\/person\/8d67ca1c55c69fe7021a811c9c51448a"},"breadcrumb":{"@id":"https:\/\/www.arbataxpark.com\/fr\/19-20-may-monumenti-aperti\/#breadcrumb"},"inLanguage":"fr-FR","potentialAction":[{"@type":"ReadAction","target":["https:\/\/www.arbataxpark.com\/fr\/19-20-may-monumenti-aperti\/"]}]},{"@type":"BreadcrumbList","@id":"https:\/\/www.arbataxpark.com\/fr\/19-20-may-monumenti-aperti\/#breadcrumb","itemListElement":[{"@type":"ListItem","position":1,"name":"Home","item":"https:\/\/www.arbataxpark.com\/fr\/"},{"@type":"ListItem","position":2,"name":"19 &#8211; 20 May \u201cMonumenti Aperti\u201d"}]},{"@type":"WebSite","@id":"https:\/\/www.arbataxpark.com\/fr\/#website","url":"https:\/\/www.arbataxpark.com\/fr\/","name":"Arbatax Park","description":"Just another ms.decms.eu site","potentialAction":[{"@type":"SearchAction","target":{"@type":"EntryPoint","urlTemplate":"https:\/\/www.arbataxpark.com\/fr\/?s={search_term_string}"},"query-input":{"@type":"PropertyValueSpecification","valueRequired":true,"valueName":"search_term_string"}}],"inLanguage":"fr-FR"},{"@type":"Person","@id":"https:\/\/www.arbataxpark.com\/fr\/#\/schema\/person\/8d67ca1c55c69fe7021a811c9c51448a","name":"studiowebintern","image":{"@type":"ImageObject","inLanguage":"fr-FR","@id":"https:\/\/www.arbataxpark.com\/fr\/#\/schema\/person\/image\/","url":"https:\/\/secure.gravatar.com\/avatar\/43ec99380d4efb397382f3761409a95657c08fd44a77d102395fcbd1197ed516?s=96&d=mm&r=g","contentUrl":"https:\/\/secure.gravatar.com\/avatar\/43ec99380d4efb397382f3761409a95657c08fd44a77d102395fcbd1197ed516?s=96&d=mm&r=g","caption":"studiowebintern"}}]}},"acf":[],"_links":{"self":[{"href":"https:\/\/www.arbataxpark.com\/fr\/wp-json\/wp\/v2\/posts\/4893","targetHints":{"allow":["GET"]}}],"collection":[{"href":"https:\/\/www.arbataxpark.com\/fr\/wp-json\/wp\/v2\/posts"}],"about":[{"href":"https:\/\/www.arbataxpark.com\/fr\/wp-json\/wp\/v2\/types\/post"}],"author":[{"embeddable":true,"href":"https:\/\/www.arbataxpark.com\/fr\/wp-json\/wp\/v2\/users\/21"}],"replies":[{"embeddable":true,"href":"https:\/\/www.arbataxpark.com\/fr\/wp-json\/wp\/v2\/comments?post=4893"}],"version-history":[{"count":0,"href":"https:\/\/www.arbataxpark.com\/fr\/wp-json\/wp\/v2\/posts\/4893\/revisions"}],"wp:attachment":[{"href":"https:\/\/www.arbataxpark.com\/fr\/wp-json\/wp\/v2\/media?parent=4893"}],"wp:term":[{"taxonomy":"category","embeddable":true,"href":"https:\/\/www.arbataxpark.com\/fr\/wp-json\/wp\/v2\/categories?post=4893"},{"taxonomy":"post_tag","embeddable":true,"href":"https:\/\/www.arbataxpark.com\/fr\/wp-json\/wp\/v2\/tags?post=4893"}],"curies":[{"name":"wp","href":"https:\/\/api.w.org\/{rel}","templated":true}]}}